{"id":7963,"date":"2021-11-26T12:17:07","date_gmt":"2021-11-26T11:17:07","guid":{"rendered":"https:\/\/kbs-wiesbaden.de\/cms\/?p=7963"},"modified":"2021-11-26T12:17:08","modified_gmt":"2021-11-26T11:17:08","slug":"kunstaustellung-im-sauerland-ab-26-11-2021","status":"publish","type":"post","link":"https:\/\/kbs-wiesbaden.de\/cms\/?p=7963","title":{"rendered":"Kunstaustellung im Sauerland ab 26.11.2021"},"content":{"rendered":"\n<p>Ab heute k\u00f6nnen sie ohne Ansteckungsgefahr die Kunstwerke von den Bewohner:innen durch die Fensterscheiben der Evangelischen Erl\u00f6sergemeinde und im BelleWI in der F\u00f6hrer Stra\u00dfe am Marktplatz bewundern.<\/p>\n\n\n\n<p>Viel Spa\u00df<\/p>\n\n\n\n<p><\/p>\n","protected":false},"excerpt":{"rendered":"<p>Ab heute k\u00f6nnen sie ohne Ansteckungsgefahr die Kunstwerke von den Bewohner:innen durch die Fensterscheiben der Evangelischen Erl\u00f6sergemeinde und im BelleWI in der F\u00f6hrer Stra\u00dfe am Marktplatz bewundern. Viel Spa\u00df<\/p>\n","protected":false},"author":3,"featured_media":0,"comment_status":"open","ping_status":"open","sticky":false,"template":"","format":"standard","meta":{"advanced_seo_description":"","jetpack_seo_html_title":"","jetpack_seo_noindex":false,"two_page_speed":[],"_jetpack_memberships_contains_paid_content":false,"footnotes":"","jetpack_publicize_message":"","jetpack_publicize_feature_enabled":true,"jetpack_social_post_already_shared":true,"jetpack_social_options":{"image_generator_settings":{"template":"highway","default_image_id":0,"font":"","enabled":false},"version":2}},"categories":[95],"tags":[],"class_list":["post-7963","post","type-post","status-publish","format-standard","hentry","category-corona-kreativ"],"jetpack_publicize_connections":[],"jetpack_featured_media_url":"","jetpack_sharing_enabled":true,"_links":{"self":[{"href":"https:\/\/kbs-wiesbaden.de\/cms\/index.php?rest_route=\/wp\/v2\/posts\/7963","targetHints":{"allow":["GET"]}}],"collection":[{"href":"https:\/\/kbs-wiesbaden.de\/cms\/index.php?rest_route=\/wp\/v2\/posts"}],"about":[{"href":"https:\/\/kbs-wiesbaden.de\/cms\/index.php?rest_route=\/wp\/v2\/types\/post"}],"author":[{"embeddable":true,"href":"https:\/\/kbs-wiesbaden.de\/cms\/index.php?rest_route=\/wp\/v2\/users\/3"}],"replies":[{"embeddable":true,"href":"https:\/\/kbs-wiesbaden.de\/cms\/index.php?rest_route=%2Fwp%2Fv2%2Fcomments&post=7963"}],"version-history":[{"count":1,"href":"https:\/\/kbs-wiesbaden.de\/cms\/index.php?rest_route=\/wp\/v2\/posts\/7963\/revisions"}],"predecessor-version":[{"id":7964,"href":"https:\/\/kbs-wiesbaden.de\/cms\/index.php?rest_route=\/wp\/v2\/posts\/7963\/revisions\/7964"}],"wp:attachment":[{"href":"https:\/\/kbs-wiesbaden.de\/cms\/index.php?rest_route=%2Fwp%2Fv2%2Fmedia&parent=7963"}],"wp:term":[{"taxonomy":"category","embeddable":true,"href":"https:\/\/kbs-wiesbaden.de\/cms\/index.php?rest_route=%2Fwp%2Fv2%2Fcategories&post=7963"},{"taxonomy":"post_tag","embeddable":true,"href":"https:\/\/kbs-wiesbaden.de\/cms\/index.php?rest_route=%2Fwp%2Fv2%2Ftags&post=7963"}],"curies":[{"name":"wp","href":"https:\/\/api.w.org\/{rel}","templated":true}]}}