{"id":7911,"date":"2021-11-01T17:50:27","date_gmt":"2021-11-01T16:50:27","guid":{"rendered":"https:\/\/kbs-wiesbaden.de\/cms\/?p=7911"},"modified":"2021-11-01T17:50:27","modified_gmt":"2021-11-01T16:50:27","slug":"50-isst-gut-jetzt-immer-montags","status":"publish","type":"post","link":"https:\/\/kbs-wiesbaden.de\/cms\/?p=7911","title":{"rendered":"&#8222;50+ is(s)t gut&#8220; jetzt immer montags"},"content":{"rendered":"\n<p>Unser Mittagstisch &#8222;50+ is(s)t gut&#8220; findet ab sofort immer montags statt.<br>In der Zeit von 12-13h k\u00f6nnen sich Sauerl\u00e4nder*innen ab 50 Jahren das frisch gekochte Mittagessen am Gemeindezentrum, F\u00f6hrer Str. 84, abholen.<br>\u00dcber gemeinsame Gespr\u00e4che, den Austausch \u00fcber leckere Rezepte und aktuelle Angebote und Veranstaltungen im Stadtteil freuen sich<br>Zuzana Karaffova &amp; Christoph Munsch <br><\/p>\n\n\n\n<figure class=\"wp-block-image size-large\"><img loading=\"lazy\" decoding=\"async\" width=\"1024\" height=\"768\" src=\"https:\/\/kbs-wiesbaden.de\/cms\/wp-content\/uploads\/2021\/11\/2021-04-13-50-isst-gut2-2-1024x768.jpg\" alt=\"\" class=\"wp-image-7917\" srcset=\"https:\/\/kbs-wiesbaden.de\/cms\/wp-content\/uploads\/2021\/11\/2021-04-13-50-isst-gut2-2-1024x768.jpg 1024w, https:\/\/kbs-wiesbaden.de\/cms\/wp-content\/uploads\/2021\/11\/2021-04-13-50-isst-gut2-2-300x225.jpg 300w, https:\/\/kbs-wiesbaden.de\/cms\/wp-content\/uploads\/2021\/11\/2021-04-13-50-isst-gut2-2-768x576.jpg 768w, https:\/\/kbs-wiesbaden.de\/cms\/wp-content\/uploads\/2021\/11\/2021-04-13-50-isst-gut2-2-1536x1152.jpg 1536w, https:\/\/kbs-wiesbaden.de\/cms\/wp-content\/uploads\/2021\/11\/2021-04-13-50-isst-gut2-2-2048x1536.jpg 2048w, https:\/\/kbs-wiesbaden.de\/cms\/wp-content\/uploads\/2021\/11\/2021-04-13-50-isst-gut2-2-520x390.jpg 520w, https:\/\/kbs-wiesbaden.de\/cms\/wp-content\/uploads\/2021\/11\/2021-04-13-50-isst-gut2-2-740x555.jpg 740w\" sizes=\"auto, (max-width: 1024px) 100vw, 1024px\" \/><\/figure>\n","protected":false},"excerpt":{"rendered":"<p>Unser Mittagstisch &#8222;50+ is(s)t gut&#8220; findet ab sofort immer montags statt.In der Zeit von 12-13h k\u00f6nnen sich Sauerl\u00e4nder*innen ab 50 Jahren das frisch gekochte Mittagessen am Gemeindezentrum, F\u00f6hrer Str. 84, abholen.\u00dcber gemeinsame Gespr\u00e4che, den Austausch<a class=\"read-more\" href=\"https:\/\/kbs-wiesbaden.de\/cms\/?p=7911\">&#8230; lesen Sie mehr.<\/a><\/p>\n","protected":false},"author":11,"featured_media":7916,"comment_status":"open","ping_status":"open","sticky":false,"template":"","format":"standard","meta":{"advanced_seo_description":"","jetpack_seo_html_title":"","jetpack_seo_noindex":false,"two_page_speed":[],"_jetpack_memberships_contains_paid_content":false,"footnotes":"","jetpack_publicize_message":"","jetpack_publicize_feature_enabled":true,"jetpack_social_post_already_shared":true,"jetpack_social_options":{"image_generator_settings":{"template":"highway","default_image_id":0,"font":"","enabled":false},"version":2}},"categories":[3,95],"tags":[],"class_list":["post-7911","post","type-post","status-publish","format-standard","has-post-thumbnail","hentry","category-aktuelles","category-corona-kreativ"],"jetpack_publicize_connections":[],"jetpack_featured_media_url":"https:\/\/kbs-wiesbaden.de\/cms\/wp-content\/uploads\/2021\/11\/2021-04-13-50-isst-gut2-1-scaled.jpg","jetpack_sharing_enabled":true,"_links":{"self":[{"href":"https:\/\/kbs-wiesbaden.de\/cms\/index.php?rest_route=\/wp\/v2\/posts\/7911","targetHints":{"allow":["GET"]}}],"collection":[{"href":"https:\/\/kbs-wiesbaden.de\/cms\/index.php?rest_route=\/wp\/v2\/posts"}],"about":[{"href":"https:\/\/kbs-wiesbaden.de\/cms\/index.php?rest_route=\/wp\/v2\/types\/post"}],"author":[{"embeddable":true,"href":"https:\/\/kbs-wiesbaden.de\/cms\/index.php?rest_route=\/wp\/v2\/users\/11"}],"replies":[{"embeddable":true,"href":"https:\/\/kbs-wiesbaden.de\/cms\/index.php?rest_route=%2Fwp%2Fv2%2Fcomments&post=7911"}],"version-history":[{"count":3,"href":"https:\/\/kbs-wiesbaden.de\/cms\/index.php?rest_route=\/wp\/v2\/posts\/7911\/revisions"}],"predecessor-version":[{"id":7918,"href":"https:\/\/kbs-wiesbaden.de\/cms\/index.php?rest_route=\/wp\/v2\/posts\/7911\/revisions\/7918"}],"wp:featuredmedia":[{"embeddable":true,"href":"https:\/\/kbs-wiesbaden.de\/cms\/index.php?rest_route=\/wp\/v2\/media\/7916"}],"wp:attachment":[{"href":"https:\/\/kbs-wiesbaden.de\/cms\/index.php?rest_route=%2Fwp%2Fv2%2Fmedia&parent=7911"}],"wp:term":[{"taxonomy":"category","embeddable":true,"href":"https:\/\/kbs-wiesbaden.de\/cms\/index.php?rest_route=%2Fwp%2Fv2%2Fcategories&post=7911"},{"taxonomy":"post_tag","embeddable":true,"href":"https:\/\/kbs-wiesbaden.de\/cms\/index.php?rest_route=%2Fwp%2Fv2%2Ftags&post=7911"}],"curies":[{"name":"wp","href":"https:\/\/api.w.org\/{rel}","templated":true}]}}