{"id":6351,"date":"2020-06-01T10:02:00","date_gmt":"2020-06-01T08:02:00","guid":{"rendered":"https:\/\/kbs-wiesbaden.de\/cms\/?p=6351"},"modified":"2020-05-27T21:08:19","modified_gmt":"2020-05-27T19:08:19","slug":"gruesse-aus-der-kita-kbs-charlotte-erzaehlt-euch-eine-geschichte-im-kamishibai-theater-teil-21","status":"publish","type":"post","link":"https:\/\/kbs-wiesbaden.de\/cms\/?p=6351","title":{"rendered":"Gr\u00fc\u00dfe aus der Kita KBS: Charlotte erz\u00e4hlt euch eine Geschichte im Kamishibai-Theater (Teil 21)"},"content":{"rendered":"\n<figure class=\"wp-block-embed-youtube wp-block-embed is-type-video is-provider-youtube wp-embed-aspect-16-9 wp-has-aspect-ratio\"><div class=\"wp-block-embed__wrapper\">\n<iframe loading=\"lazy\" title=\"Als die Raben noch bunt waren\" width=\"1170\" height=\"658\" src=\"https:\/\/www.youtube.com\/embed\/rssMwsgQLZ8?feature=oembed\" frameborder=\"0\" allow=\"accelerometer; autoplay; encrypted-media; gyroscope; picture-in-picture\" allowfullscreen><\/iframe>\n<\/div><\/figure>\n\n\n\n<p class=\"has-text-align-center\">Heute lese ich euch die letzte Geschichte vor. Es geht um Raben, das sind gro\u00dfe schwarze V\u00f6gel, die ihr vielleicht schon mal gesehen habt. Fr\u00fcher waren sie ganz ganz bunt. Wieso sie jetzt schwarz sind, h\u00f6rt ihr in meiner letzten Geschichte. <br>Vielleicht m\u00f6gt ihr mir ein Bild der bunten Raben malen. Wir freuen uns sehr \u00fcber viele sch\u00f6ne Bilder von euch. Schickt sie einfach an:<br><strong>kbs.kita@ekhn.de<\/strong><\/p>\n\n\n\n<div class=\"wp-block-image\"><figure class=\"aligncenter size-large is-resized\"><img loading=\"lazy\" decoding=\"async\" src=\"https:\/\/kbs-wiesbaden.de\/cms\/wp-content\/uploads\/2020\/04\/Charlotte-Bild.png\" alt=\"\" class=\"wp-image-5891\" width=\"141\" height=\"210\" srcset=\"https:\/\/kbs-wiesbaden.de\/cms\/wp-content\/uploads\/2020\/04\/Charlotte-Bild.png 558w, https:\/\/kbs-wiesbaden.de\/cms\/wp-content\/uploads\/2020\/04\/Charlotte-Bild-201x300.png 201w, https:\/\/kbs-wiesbaden.de\/cms\/wp-content\/uploads\/2020\/04\/Charlotte-Bild-520x777.png 520w\" sizes=\"auto, (max-width: 141px) 100vw, 141px\" \/><\/figure><\/div>\n\n\n\n<p class=\"has-text-align-center\">Es hat mir gro\u00dfen Spa\u00df gemacht, euch fast jeden Tag eine Geschichte vorzulesen. <br>Ich freue mich darauf, wenn ich euch die Geschichten auch wieder in der Kita erz\u00e4hlen kann<br>eure Charlotte<br>Mit freundlicher Genehmigung des Don Bosco Medien Verlags<br>www.mein-kamishibai.de<\/p>\n\n\n\n<div class=\"wp-block-image\"><figure class=\"aligncenter size-large is-resized\"><img loading=\"lazy\" decoding=\"async\" src=\"https:\/\/kbs-wiesbaden.de\/cms\/wp-content\/uploads\/2020\/04\/BMFSFJ-Kita-Sprachbildung-3508-x-2480-1024x724.jpg\" alt=\"\" class=\"wp-image-5952\" width=\"261\" height=\"186\" srcset=\"https:\/\/kbs-wiesbaden.de\/cms\/wp-content\/uploads\/2020\/04\/BMFSFJ-Kita-Sprachbildung-3508-x-2480-1024x724.jpg 1024w, https:\/\/kbs-wiesbaden.de\/cms\/wp-content\/uploads\/2020\/04\/BMFSFJ-Kita-Sprachbildung-3508-x-2480-768x543.jpg 768w, https:\/\/kbs-wiesbaden.de\/cms\/wp-content\/uploads\/2020\/04\/BMFSFJ-Kita-Sprachbildung-3508-x-2480-1536x1086.jpg 1536w, https:\/\/kbs-wiesbaden.de\/cms\/wp-content\/uploads\/2020\/04\/BMFSFJ-Kita-Sprachbildung-3508-x-2480-2048x1448.jpg 2048w, https:\/\/kbs-wiesbaden.de\/cms\/wp-content\/uploads\/2020\/04\/BMFSFJ-Kita-Sprachbildung-3508-x-2480-520x368.jpg 520w\" sizes=\"auto, (max-width: 261px) 100vw, 261px\" \/><\/figure><\/div>\n","protected":false},"excerpt":{"rendered":"<p>Heute lese ich euch die letzte Geschichte vor. Es geht um Raben, das sind gro\u00dfe schwarze V\u00f6gel, die ihr vielleicht schon mal gesehen habt. Fr\u00fcher waren sie ganz ganz bunt. Wieso sie jetzt schwarz sind,<a class=\"read-more\" href=\"https:\/\/kbs-wiesbaden.de\/cms\/?p=6351\">&#8230; lesen Sie mehr.<\/a><\/p>\n","protected":false},"author":6,"featured_media":5889,"comment_status":"open","ping_status":"open","sticky":false,"template":"","format":"standard","meta":{"advanced_seo_description":"","jetpack_seo_html_title":"","jetpack_seo_noindex":false,"two_page_speed":[],"_jetpack_memberships_contains_paid_content":false,"footnotes":"","jetpack_publicize_message":"","jetpack_publicize_feature_enabled":true,"jetpack_social_post_already_shared":false,"jetpack_social_options":{"image_generator_settings":{"template":"highway","default_image_id":0,"font":"","enabled":false},"version":2}},"categories":[95],"tags":[],"class_list":["post-6351","post","type-post","status-publish","format-standard","has-post-thumbnail","hentry","category-corona-kreativ"],"jetpack_publicize_connections":[],"jetpack_featured_media_url":"https:\/\/kbs-wiesbaden.de\/cms\/wp-content\/uploads\/2020\/04\/KBS-heute-Bild-Kita-scaled-e1587726072629.jpg","jetpack_sharing_enabled":true,"_links":{"self":[{"href":"https:\/\/kbs-wiesbaden.de\/cms\/index.php?rest_route=\/wp\/v2\/posts\/6351","targetHints":{"allow":["GET"]}}],"collection":[{"href":"https:\/\/kbs-wiesbaden.de\/cms\/index.php?rest_route=\/wp\/v2\/posts"}],"about":[{"href":"https:\/\/kbs-wiesbaden.de\/cms\/index.php?rest_route=\/wp\/v2\/types\/post"}],"author":[{"embeddable":true,"href":"https:\/\/kbs-wiesbaden.de\/cms\/index.php?rest_route=\/wp\/v2\/users\/6"}],"replies":[{"embeddable":true,"href":"https:\/\/kbs-wiesbaden.de\/cms\/index.php?rest_route=%2Fwp%2Fv2%2Fcomments&post=6351"}],"version-history":[{"count":1,"href":"https:\/\/kbs-wiesbaden.de\/cms\/index.php?rest_route=\/wp\/v2\/posts\/6351\/revisions"}],"predecessor-version":[{"id":6352,"href":"https:\/\/kbs-wiesbaden.de\/cms\/index.php?rest_route=\/wp\/v2\/posts\/6351\/revisions\/6352"}],"wp:featuredmedia":[{"embeddable":true,"href":"https:\/\/kbs-wiesbaden.de\/cms\/index.php?rest_route=\/wp\/v2\/media\/5889"}],"wp:attachment":[{"href":"https:\/\/kbs-wiesbaden.de\/cms\/index.php?rest_route=%2Fwp%2Fv2%2Fmedia&parent=6351"}],"wp:term":[{"taxonomy":"category","embeddable":true,"href":"https:\/\/kbs-wiesbaden.de\/cms\/index.php?rest_route=%2Fwp%2Fv2%2Fcategories&post=6351"},{"taxonomy":"post_tag","embeddable":true,"href":"https:\/\/kbs-wiesbaden.de\/cms\/index.php?rest_route=%2Fwp%2Fv2%2Ftags&post=6351"}],"curies":[{"name":"wp","href":"https:\/\/api.w.org\/{rel}","templated":true}]}}