{"id":6349,"date":"2020-05-29T10:59:00","date_gmt":"2020-05-29T08:59:00","guid":{"rendered":"https:\/\/kbs-wiesbaden.de\/cms\/?p=6349"},"modified":"2020-05-27T21:08:34","modified_gmt":"2020-05-27T19:08:34","slug":"gruesse-aus-der-kita-kbs-charlotte-erzaehlt-euch-eine-geschichte-im-kamishibai-theater-teil-20","status":"publish","type":"post","link":"https:\/\/kbs-wiesbaden.de\/cms\/?p=6349","title":{"rendered":"Gr\u00fc\u00dfe aus der Kita KBS: Charlotte erz\u00e4hlt euch eine Geschichte im Kamishibai-Theater (Teil 20)"},"content":{"rendered":"\n<figure class=\"wp-block-embed-youtube wp-block-embed is-type-video is-provider-youtube wp-embed-aspect-16-9 wp-has-aspect-ratio\"><div class=\"wp-block-embed__wrapper\">\n<iframe loading=\"lazy\" title=\"Der verlorene Otto\" width=\"1170\" height=\"658\" src=\"https:\/\/www.youtube.com\/embed\/L8ZUmYD_P58?feature=oembed\" frameborder=\"0\" allow=\"accelerometer; autoplay; encrypted-media; gyroscope; picture-in-picture\" allowfullscreen><\/iframe>\n<\/div><\/figure>\n\n\n\n<p>Heute gibt es die Geschichte von Otto. Otto ist sauer auf alle und deshalb haut er von zu Hause ab. Was er dabei erlebt, h\u00f6rt ihr heute!<\/p>\n\n\n\n<div class=\"wp-block-image\"><figure class=\"aligncenter size-large is-resized\"><img loading=\"lazy\" decoding=\"async\" src=\"https:\/\/kbs-wiesbaden.de\/cms\/wp-content\/uploads\/2020\/04\/Charlotte-Bild.png\" alt=\"\" class=\"wp-image-5891\" width=\"196\" height=\"292\" srcset=\"https:\/\/kbs-wiesbaden.de\/cms\/wp-content\/uploads\/2020\/04\/Charlotte-Bild.png 558w, https:\/\/kbs-wiesbaden.de\/cms\/wp-content\/uploads\/2020\/04\/Charlotte-Bild-201x300.png 201w, https:\/\/kbs-wiesbaden.de\/cms\/wp-content\/uploads\/2020\/04\/Charlotte-Bild-520x777.png 520w\" sizes=\"auto, (max-width: 196px) 100vw, 196px\" \/><\/figure><\/div>\n\n\n\n<p class=\"has-text-align-center\">Ich freue mich darauf, wenn ich euch die Geschichten auch wieder in der Kita erz\u00e4hlen kann<br>eure Charlotte<br>Mit freundlicher Genehmigung des Don Bosco Medien Verlags<br>www.mein-kamishibai.de<\/p>\n\n\n\n<div class=\"wp-block-image\"><figure class=\"aligncenter size-large is-resized\"><img loading=\"lazy\" decoding=\"async\" src=\"https:\/\/kbs-wiesbaden.de\/cms\/wp-content\/uploads\/2020\/04\/BMFSFJ-Kita-Sprachbildung-3508-x-2480-1024x724.jpg\" alt=\"\" class=\"wp-image-5952\" width=\"259\" height=\"183\" srcset=\"https:\/\/kbs-wiesbaden.de\/cms\/wp-content\/uploads\/2020\/04\/BMFSFJ-Kita-Sprachbildung-3508-x-2480-1024x724.jpg 1024w, https:\/\/kbs-wiesbaden.de\/cms\/wp-content\/uploads\/2020\/04\/BMFSFJ-Kita-Sprachbildung-3508-x-2480-300x212.jpg 300w, https:\/\/kbs-wiesbaden.de\/cms\/wp-content\/uploads\/2020\/04\/BMFSFJ-Kita-Sprachbildung-3508-x-2480-768x543.jpg 768w, https:\/\/kbs-wiesbaden.de\/cms\/wp-content\/uploads\/2020\/04\/BMFSFJ-Kita-Sprachbildung-3508-x-2480-1536x1086.jpg 1536w, https:\/\/kbs-wiesbaden.de\/cms\/wp-content\/uploads\/2020\/04\/BMFSFJ-Kita-Sprachbildung-3508-x-2480-2048x1448.jpg 2048w, https:\/\/kbs-wiesbaden.de\/cms\/wp-content\/uploads\/2020\/04\/BMFSFJ-Kita-Sprachbildung-3508-x-2480-520x368.jpg 520w, https:\/\/kbs-wiesbaden.de\/cms\/wp-content\/uploads\/2020\/04\/BMFSFJ-Kita-Sprachbildung-3508-x-2480-740x523.jpg 740w\" sizes=\"auto, (max-width: 259px) 100vw, 259px\" \/><\/figure><\/div>\n","protected":false},"excerpt":{"rendered":"<p>Heute gibt es die Geschichte von Otto. Otto ist sauer auf alle und deshalb haut er von zu Hause ab. Was er dabei erlebt, h\u00f6rt ihr heute! Ich freue mich darauf, wenn ich euch die<a class=\"read-more\" href=\"https:\/\/kbs-wiesbaden.de\/cms\/?p=6349\">&#8230; lesen Sie mehr.<\/a><\/p>\n","protected":false},"author":6,"featured_media":5889,"comment_status":"open","ping_status":"open","sticky":false,"template":"","format":"standard","meta":{"advanced_seo_description":"","jetpack_seo_html_title":"","jetpack_seo_noindex":false,"two_page_speed":[],"_jetpack_memberships_contains_paid_content":false,"footnotes":"","jetpack_publicize_message":"","jetpack_publicize_feature_enabled":true,"jetpack_social_post_already_shared":false,"jetpack_social_options":{"image_generator_settings":{"template":"highway","default_image_id":0,"font":"","enabled":false},"version":2}},"categories":[95],"tags":[],"class_list":["post-6349","post","type-post","status-publish","format-standard","has-post-thumbnail","hentry","category-corona-kreativ"],"jetpack_publicize_connections":[],"jetpack_featured_media_url":"https:\/\/kbs-wiesbaden.de\/cms\/wp-content\/uploads\/2020\/04\/KBS-heute-Bild-Kita-scaled-e1587726072629.jpg","jetpack_sharing_enabled":true,"_links":{"self":[{"href":"https:\/\/kbs-wiesbaden.de\/cms\/index.php?rest_route=\/wp\/v2\/posts\/6349","targetHints":{"allow":["GET"]}}],"collection":[{"href":"https:\/\/kbs-wiesbaden.de\/cms\/index.php?rest_route=\/wp\/v2\/posts"}],"about":[{"href":"https:\/\/kbs-wiesbaden.de\/cms\/index.php?rest_route=\/wp\/v2\/types\/post"}],"author":[{"embeddable":true,"href":"https:\/\/kbs-wiesbaden.de\/cms\/index.php?rest_route=\/wp\/v2\/users\/6"}],"replies":[{"embeddable":true,"href":"https:\/\/kbs-wiesbaden.de\/cms\/index.php?rest_route=%2Fwp%2Fv2%2Fcomments&post=6349"}],"version-history":[{"count":1,"href":"https:\/\/kbs-wiesbaden.de\/cms\/index.php?rest_route=\/wp\/v2\/posts\/6349\/revisions"}],"predecessor-version":[{"id":6350,"href":"https:\/\/kbs-wiesbaden.de\/cms\/index.php?rest_route=\/wp\/v2\/posts\/6349\/revisions\/6350"}],"wp:featuredmedia":[{"embeddable":true,"href":"https:\/\/kbs-wiesbaden.de\/cms\/index.php?rest_route=\/wp\/v2\/media\/5889"}],"wp:attachment":[{"href":"https:\/\/kbs-wiesbaden.de\/cms\/index.php?rest_route=%2Fwp%2Fv2%2Fmedia&parent=6349"}],"wp:term":[{"taxonomy":"category","embeddable":true,"href":"https:\/\/kbs-wiesbaden.de\/cms\/index.php?rest_route=%2Fwp%2Fv2%2Fcategories&post=6349"},{"taxonomy":"post_tag","embeddable":true,"href":"https:\/\/kbs-wiesbaden.de\/cms\/index.php?rest_route=%2Fwp%2Fv2%2Ftags&post=6349"}],"curies":[{"name":"wp","href":"https:\/\/api.w.org\/{rel}","templated":true}]}}