{"id":3629,"date":"2016-04-11T13:39:45","date_gmt":"2016-04-11T11:39:45","guid":{"rendered":"http:\/\/kbs-wiesbaden.de\/cms\/?p=3629"},"modified":"2016-04-20T12:29:17","modified_gmt":"2016-04-20T10:29:17","slug":"kleiner-mittagstisch-ab-april-2016","status":"publish","type":"post","link":"https:\/\/kbs-wiesbaden.de\/cms\/?p=3629","title":{"rendered":"Kleiner Mittagstisch ab April 2016"},"content":{"rendered":"<p><img loading=\"lazy\" decoding=\"async\" class=\"alignnone size-full wp-image-3760\" src=\"https:\/\/kbs-wiesbaden.de\/cms\/wp-content\/uploads\/2016\/04\/Mittagstisch.jpg\" alt=\"Mittagstisch\" width=\"430\" height=\"618\" srcset=\"https:\/\/kbs-wiesbaden.de\/cms\/wp-content\/uploads\/2016\/04\/Mittagstisch.jpg 430w, https:\/\/kbs-wiesbaden.de\/cms\/wp-content\/uploads\/2016\/04\/Mittagstisch-209x300.jpg 209w\" sizes=\"auto, (max-width: 430px) 100vw, 430px\" \/><\/p>\n<p>Sie haben Freude am Kochen, es macht aber alleine nicht so recht Spa\u00df und lohnt sich auch nicht wirklich&#8230;<\/p>\n<p>Sie m\u00f6chten nicht mehr jeden Tag alleine essen, freuen sich \u00fcber eine nette Tischgemeinschaft, dann kommen sie um 12.30h zum gmeinsamen Essen&#8230;<\/p>\n","protected":false},"excerpt":{"rendered":"<p>Sie haben Freude am Kochen, es macht aber alleine nicht so recht Spa\u00df und lohnt sich auch nicht wirklich&#8230; Sie m\u00f6chten nicht mehr jeden Tag alleine essen, freuen sich \u00fcber eine nette Tischgemeinschaft, dann kommen<a class=\"read-more\" href=\"https:\/\/kbs-wiesbaden.de\/cms\/?p=3629\">&#8230; lesen Sie mehr.<\/a><\/p>\n","protected":false},"author":3,"featured_media":3508,"comment_status":"open","ping_status":"open","sticky":false,"template":"","format":"standard","meta":{"advanced_seo_description":"","jetpack_seo_html_title":"","jetpack_seo_noindex":false,"two_page_speed":[],"_jetpack_memberships_contains_paid_content":false,"footnotes":"","jetpack_publicize_message":"","jetpack_publicize_feature_enabled":true,"jetpack_social_post_already_shared":false,"jetpack_social_options":{"image_generator_settings":{"template":"highway","default_image_id":0,"font":"","enabled":false},"version":2}},"categories":[95],"tags":[30,18],"class_list":["post-3629","post","type-post","status-publish","format-standard","has-post-thumbnail","hentry","category-corona-kreativ","tag-30","tag-mittagessen"],"jetpack_publicize_connections":[],"jetpack_featured_media_url":"https:\/\/kbs-wiesbaden.de\/cms\/wp-content\/uploads\/2016\/02\/PR-Logo_DRIN_12-2014b_2147x1496-e1539173564239.jpg","jetpack_sharing_enabled":true,"_links":{"self":[{"href":"https:\/\/kbs-wiesbaden.de\/cms\/index.php?rest_route=\/wp\/v2\/posts\/3629","targetHints":{"allow":["GET"]}}],"collection":[{"href":"https:\/\/kbs-wiesbaden.de\/cms\/index.php?rest_route=\/wp\/v2\/posts"}],"about":[{"href":"https:\/\/kbs-wiesbaden.de\/cms\/index.php?rest_route=\/wp\/v2\/types\/post"}],"author":[{"embeddable":true,"href":"https:\/\/kbs-wiesbaden.de\/cms\/index.php?rest_route=\/wp\/v2\/users\/3"}],"replies":[{"embeddable":true,"href":"https:\/\/kbs-wiesbaden.de\/cms\/index.php?rest_route=%2Fwp%2Fv2%2Fcomments&post=3629"}],"version-history":[{"count":7,"href":"https:\/\/kbs-wiesbaden.de\/cms\/index.php?rest_route=\/wp\/v2\/posts\/3629\/revisions"}],"predecessor-version":[{"id":3762,"href":"https:\/\/kbs-wiesbaden.de\/cms\/index.php?rest_route=\/wp\/v2\/posts\/3629\/revisions\/3762"}],"wp:featuredmedia":[{"embeddable":true,"href":"https:\/\/kbs-wiesbaden.de\/cms\/index.php?rest_route=\/wp\/v2\/media\/3508"}],"wp:attachment":[{"href":"https:\/\/kbs-wiesbaden.de\/cms\/index.php?rest_route=%2Fwp%2Fv2%2Fmedia&parent=3629"}],"wp:term":[{"taxonomy":"category","embeddable":true,"href":"https:\/\/kbs-wiesbaden.de\/cms\/index.php?rest_route=%2Fwp%2Fv2%2Fcategories&post=3629"},{"taxonomy":"post_tag","embeddable":true,"href":"https:\/\/kbs-wiesbaden.de\/cms\/index.php?rest_route=%2Fwp%2Fv2%2Ftags&post=3629"}],"curies":[{"name":"wp","href":"https:\/\/api.w.org\/{rel}","templated":true}]}}